{"id":70360,"__str__":"Indica\u00e7\u00e3o n\u00ba 268 de 2026","link_detail_backend":"/materia/70360","metadata":{},"numero":268,"ano":2026,"numero_protocolo":349,"data_apresentacao":"2026-02-24","tipo_apresentacao":"E","data_publicacao":null,"numero_origem_externa":"","ano_origem_externa":null,"data_origem_externa":null,"apelido":"","dias_prazo":null,"data_fim_prazo":null,"em_tramitacao":true,"polemica":false,"objeto":"","complementar":false,"ementa":"Indico ao Sr. Chefe do Executivo, para que interceda junto \u00e0 Secretaria Competente, quanto \u00e0 possibilidade de realizar a manuten\u00e7\u00e3o, reforma geral e amplia\u00e7\u00e3o da EMEF Reverendo Deir\u00f3 Felicio de Andrade, na Rua Piratininga, 103, Jd. Paulista.","indexacao":"","observacao":"","resultado":"","texto_original":"http://sapl.barueri.sp.leg.br/media/sapl/public/materialegislativa/2026/70360/indc0268_2026.pdf","data_ultima_atualizacao":"2026-02-25T13:37:11.763340-03:00","ip":"189.1.167.98","ultima_edicao":"2026-02-25T13:37:11.631480-03:00","tipo":18,"regime_tramitacao":23,"tipo_origem_externa":null,"local_origem_externa":null,"user":18,"anexadas":[],"autores":[39]}