{"id":68590,"__str__":"Indica\u00e7\u00e3o n\u00ba 1147 de 2025","link_detail_backend":"/materia/68590","metadata":{},"numero":1147,"ano":2025,"numero_protocolo":1415,"data_apresentacao":"2025-05-26","tipo_apresentacao":"E","data_publicacao":null,"numero_origem_externa":"","ano_origem_externa":null,"data_origem_externa":null,"apelido":"","dias_prazo":null,"data_fim_prazo":null,"em_tramitacao":true,"polemica":false,"objeto":"","complementar":false,"ementa":"Indico ao Senhor Chefe do Executivo, interceder junto \u00e0 Secretaria Competente quanto a possibilidade de constru\u00e7\u00e3o de um estacionamento vertical, devidamente demarcado, destinado exclusivamente aos funcion\u00e1rios da Unidade B\u00e1sica de Sa\u00fade Maria Magdalena Macedo. Al\u00e9m disso, sugiro a cria\u00e7\u00e3o de um espa\u00e7o adequado para embarque e desembarque de ambul\u00e2ncias. no Bairro Santa Cec\u00edlia - neste Munic\u00edpio.","indexacao":"","observacao":"","resultado":"","texto_original":"http://sapl.barueri.sp.leg.br/media/sapl/public/materialegislativa/2025/68590/indc1147_2025.pdf","data_ultima_atualizacao":"2025-05-29T11:46:12.448950-03:00","ip":"189.1.167.98","ultima_edicao":"2025-05-29T11:46:12.444528-03:00","tipo":18,"regime_tramitacao":25,"tipo_origem_externa":null,"local_origem_externa":null,"user":19,"anexadas":[],"autores":[253]}