{"id":66404,"__str__":"Indica\u00e7\u00e3o n\u00ba 1413 de 2024","link_detail_backend":"/materia/66404","metadata":{},"numero":1413,"ano":2024,"numero_protocolo":1736,"data_apresentacao":"2024-06-10","tipo_apresentacao":"E","data_publicacao":null,"numero_origem_externa":"","ano_origem_externa":null,"data_origem_externa":null,"apelido":"","dias_prazo":null,"data_fim_prazo":null,"em_tramitacao":true,"polemica":false,"objeto":"","complementar":false,"ementa":"Indico ao Senhor Chefe do Executivo, se digne Sua Excel\u00eancia, quanto \u00e0 possibilidade de implanta\u00e7\u00e3o de sala de descompress\u00e3o sensorial, para atendimento aos alunos Autistas e Neuroat\u00edcos, na organiza\u00e7\u00e3o social EMEF Professor Osvaldo Batista Pereira, sito \u00e0 Rua Neli Masieiro Fernandes n\u00ba 110, no Bairro Recanto Phrynea - neste Munic\u00edpio.","indexacao":"","observacao":"","resultado":"","texto_original":"http://sapl.barueri.sp.leg.br/media/sapl/public/materialegislativa/2024/66404/indc1413_2024.pdf","data_ultima_atualizacao":"2024-06-12T11:41:16.267573-03:00","ip":"189.125.161.245","ultima_edicao":"2024-06-12T11:41:16.266127-03:00","tipo":18,"regime_tramitacao":25,"tipo_origem_externa":null,"local_origem_externa":null,"user":19,"anexadas":[],"autores":[27]}