{"id":66002,"__str__":"Indica\u00e7\u00e3o n\u00ba 998 de 2024","link_detail_backend":"/materia/66002","metadata":{},"numero":998,"ano":2024,"numero_protocolo":1205,"data_apresentacao":"2024-05-07","tipo_apresentacao":"E","data_publicacao":null,"numero_origem_externa":"","ano_origem_externa":null,"data_origem_externa":null,"apelido":"","dias_prazo":null,"data_fim_prazo":null,"em_tramitacao":true,"polemica":false,"objeto":"","complementar":false,"ementa":"Indico ao Sr. Chefe do Executivo, se digne Vossa Excel\u00eancia a interceder junto \u00e0s Secretarias competentes, sobre  estudar a possibilidade de implanta\u00e7\u00e3o de sala de descompress\u00e3o sensorial para atendimento aos alunos autistas e neuroat\u00edpicos no Complexo Educacional Prof\u00aa. Maria Meduneckas (Av. Presidente Washignton Luiz, n\u00ba. 600, Jardim Silveira, Barueri/SP,  (CEP 06434-000), que tem por finalidade garantir uma educa\u00e7\u00e3o inclusiva e de qualidade para todos.","indexacao":"","observacao":"","resultado":"","texto_original":"http://sapl.barueri.sp.leg.br/media/sapl/public/materialegislativa/2024/66002/indc0998_2024.pdf","data_ultima_atualizacao":"2024-05-08T09:47:55.448109-03:00","ip":"189.125.161.245","ultima_edicao":"2024-05-08T09:47:55.318845-03:00","tipo":18,"regime_tramitacao":23,"tipo_origem_externa":null,"local_origem_externa":null,"user":18,"anexadas":[],"autores":[27]}