{"id":39661,"__str__":"Indica\u00e7\u00e3o n\u00ba 193 de 1997","link_detail_backend":"/materia/39661","metadata":{},"numero":193,"ano":1997,"numero_protocolo":null,"data_apresentacao":"1997-03-11","tipo_apresentacao":"E","data_publicacao":null,"numero_origem_externa":"","ano_origem_externa":null,"data_origem_externa":null,"apelido":"","dias_prazo":null,"data_fim_prazo":null,"em_tramitacao":false,"polemica":false,"objeto":"","complementar":false,"ementa":"INDICO AO SR. CHEFE DO EXECUTIVO, SE DIGNE S. EXA., INTERCEDER JUNTO AO SETRO COMPETENTE, QUANTO \u00c1 POSSIBILIDADE DE COLOCAR UM GUARDA CIVIL, NA ENTRADA E SA\u00cdDA DOS ALUNOS E HOR\u00c1RIOS DE PICOS NA E.E.P.G. JOS\u00c9 LEANDRO DE BARROS PIMENTEL, AO LADO DA BIBLIOTECA REGIONAL \"CORA CORALINA\", NO BAIRRO JARDIM SILVEIRA, NESTE MUNIC\u00cdPIO.","indexacao":"","observacao":"","resultado":"","texto_original":"http://sapl.barueri.sp.leg.br/media/sapl/public/materialegislativa/1997/39661/indc0193_1997.pdf","data_ultima_atualizacao":"2020-10-16T15:55:18.721961-03:00","ip":"189.125.161.242","ultima_edicao":"2020-10-16T15:54:56.073101-03:00","tipo":18,"regime_tramitacao":8,"tipo_origem_externa":null,"local_origem_externa":null,"user":8,"anexadas":[],"autores":[26]}