{"id":38341,"__str__":"Requerimento n\u00ba 86 de 2009","link_detail_backend":"/materia/38341","metadata":{},"numero":86,"ano":2009,"numero_protocolo":null,"data_apresentacao":"2009-05-18","tipo_apresentacao":"E","data_publicacao":null,"numero_origem_externa":"","ano_origem_externa":null,"data_origem_externa":null,"apelido":"","dias_prazo":null,"data_fim_prazo":null,"em_tramitacao":false,"polemica":false,"objeto":"","complementar":false,"ementa":"Requeremos \u00e0 mesa nos termos regimentais, que se oficie ao Conselho Municipal de Assist\u00eancia Social (CMAS), na pessoa da Presidente Sra. Mariana de Oliveira Leite, e ao Conselho Municipal dos Direitos da Crian\u00e7a e do Adolescente (CMDCA), na pessoa do Sr. Walter Aparecido Pires, para que envie \u00e0 Comiss\u00e3o do Terceiro Setor dest egr\u00e9gia C\u00e2mara de Vereadores: C\u00f3pias das presta\u00e7\u00f5es de contas mensais durante o ano de 2008, plano anual de trabalho e relat\u00f3rio anual das entidades citadas, deve ainda constar desta remessa o BALAN\u00c7O FINANCEIRO E PATRIMONIAL, RELA\u00c7\u00c3O DE FUNCION\u00c1RIOS (CARGO, FUN\u00c7\u00c3O, CRGA HOR\u00c1RIA E SAL\u00c1RIO) e se recebem subven\u00e7\u00f5es por conv\u00eanios Federal, Estadual e Municipal, as entidades \"PROJAB, FASE, ACM E SEIVA\" OBS: A comiss\u00e3o do Terceiro Setor \u00e9 composta pelos Vereadores: Eduardo Augusto Corona Gatti, Prof. Agn\u00e9rio N\u00e9ri Ferreira, Sebasti\u00e3o Carlos do Nascimento.","indexacao":"","observacao":"","resultado":"","texto_original":"http://sapl.barueri.sp.leg.br/media/sapl/public/materialegislativa/2009/38341/reqt0086_2009.pdf","data_ultima_atualizacao":"2020-10-13T15:46:46.007626-03:00","ip":"189.125.161.242","ultima_edicao":"2020-10-13T15:46:07.456609-03:00","tipo":17,"regime_tramitacao":8,"tipo_origem_externa":null,"local_origem_externa":null,"user":7,"anexadas":[],"autores":[21,208,72]}